{"id":95,"date":"2021-11-17T23:34:49","date_gmt":"2021-11-17T23:34:49","guid":{"rendered":"http:\/\/ruido-a6.org\/?p=95"},"modified":"2023-09-01T08:06:41","modified_gmt":"2023-09-01T08:06:41","slug":"planes-de-accion-en-la-a-6","status":"publish","type":"post","link":"https:\/\/ruido-a6.org\/index.php\/2021\/11\/17\/planes-de-accion-en-la-a-6\/","title":{"rendered":"Planes de Acci\u00f3n en la A-6"},"content":{"rendered":"\n<p>La informaci\u00f3n de esta p\u00e1gina completa la del <a href=\"http:\/\/ruido-a6.org\/index.php\/2021\/11\/17\/planes-de-accion-en-la-a-6\" data-type=\"link\" data-id=\"http:\/\/ruido-a6.org\/index.php\/2021\/11\/17\/planes-de-accion-en-la-a-6\">Planes de Acci\u00f3n en la A-6<\/a>, cubriendo contenidos muy similares.<\/p>\n\n\n\n<p>Los actuales planes de acci\u00f3n estan contenidos en la el documento  <a href=\"http:\/\/egra.cedex.es\/MER_PRIMERA\/CARRETERAS\/ITINERARIOS\/MEMORIAS_resumen\/Memoria-resumen-CMadrid.pdf\">Mapas estrat\u00e9gicos de Ruido<\/a> (link actualizado en 2022).<\/p>\n\n\n\n<p>La obligatoriedad de la elaboraci\u00f3n de un plan de acci\u00f3n es clara y aplicable a la A-6 puesto que circulan mas de 6.000.000 de veh\u00edculos al a\u00f1o. <\/p>\n\n\n\n<p>El Plan de Acci\u00f3n es una herramienta de planificaci\u00f3n y previsi\u00f3n cuyo objetivo principal es establecer las medidas de ruido oportunas para reducir los niveles de ruido elevados sobres determinadas zonas de acuerdo a los resultados derivados de la realizaci\u00f3n previamente de los mapas estrat\u00e9gicos de ruido. <\/p>\n\n\n\n<p>En particular, las acciones definidas por el ministerio de fomento orientadas a la reducci\u00f3n de la transmisi\u00f3n del sonido es mediante la instalaci\u00f3n de barreras anti-ruido.<\/p>\n\n\n\n<p>Los planes de acci\u00f3n a 2021 sobre la A-6 est\u00e1n definidos desde hace varios a\u00f1os. Por ejemplo en el siguiente documento, <span class=\"has-inline-color has-accent-color\">la zona A-6_29,38 tiene un presupuesto estimado de 985.200 Euros. <\/span><\/p>\n\n\n\n<figure class=\"wp-block-image size-full\"><img loading=\"lazy\" decoding=\"async\" width=\"938\" height=\"323\" src=\"http:\/\/ruido-a6.org\/wp-content\/uploads\/2021\/11\/image-5.png\" alt=\"\" class=\"wp-image-77\" srcset=\"https:\/\/ruido-a6.org\/wp-content\/uploads\/2021\/11\/image-5.png 938w, https:\/\/ruido-a6.org\/wp-content\/uploads\/2021\/11\/image-5-300x103.png 300w, https:\/\/ruido-a6.org\/wp-content\/uploads\/2021\/11\/image-5-768x264.png 768w\" sizes=\"auto, (max-width: 938px) 100vw, 938px\" \/><\/figure>\n\n\n\n<p><\/p>\n","protected":false},"excerpt":{"rendered":"<p>Los planes de acci\u00f3n a 2021 sobre la A-6 est\u00e1n definidos desde hace varios a\u00f1os. Por ejemplo la zona A-6_29,38 tiene un presupuesto estimado de 985.200 Euros. <\/p>\n","protected":false},"author":1,"featured_media":122,"comment_status":"open","ping_status":"open","sticky":false,"template":"","format":"standard","meta":{"footnotes":""},"categories":[5],"tags":[],"class_list":["post-95","post","type-post","status-publish","format-standard","has-post-thumbnail","hentry","category-legislacion"],"_links":{"self":[{"href":"https:\/\/ruido-a6.org\/index.php\/wp-json\/wp\/v2\/posts\/95","targetHints":{"allow":["GET"]}}],"collection":[{"href":"https:\/\/ruido-a6.org\/index.php\/wp-json\/wp\/v2\/posts"}],"about":[{"href":"https:\/\/ruido-a6.org\/index.php\/wp-json\/wp\/v2\/types\/post"}],"author":[{"embeddable":true,"href":"https:\/\/ruido-a6.org\/index.php\/wp-json\/wp\/v2\/users\/1"}],"replies":[{"embeddable":true,"href":"https:\/\/ruido-a6.org\/index.php\/wp-json\/wp\/v2\/comments?post=95"}],"version-history":[{"count":4,"href":"https:\/\/ruido-a6.org\/index.php\/wp-json\/wp\/v2\/posts\/95\/revisions"}],"predecessor-version":[{"id":189,"href":"https:\/\/ruido-a6.org\/index.php\/wp-json\/wp\/v2\/posts\/95\/revisions\/189"}],"wp:featuredmedia":[{"embeddable":true,"href":"https:\/\/ruido-a6.org\/index.php\/wp-json\/wp\/v2\/media\/122"}],"wp:attachment":[{"href":"https:\/\/ruido-a6.org\/index.php\/wp-json\/wp\/v2\/media?parent=95"}],"wp:term":[{"taxonomy":"category","embeddable":true,"href":"https:\/\/ruido-a6.org\/index.php\/wp-json\/wp\/v2\/categories?post=95"},{"taxonomy":"post_tag","embeddable":true,"href":"https:\/\/ruido-a6.org\/index.php\/wp-json\/wp\/v2\/tags?post=95"}],"curies":[{"name":"wp","href":"https:\/\/api.w.org\/{rel}","templated":true}]}}