{"id":206,"date":"2025-09-16T20:24:06","date_gmt":"2025-09-16T20:24:06","guid":{"rendered":"http:\/\/ruido-a6.org\/?p=206"},"modified":"2025-09-16T20:45:16","modified_gmt":"2025-09-16T20:45:16","slug":"y-en-las-matas-para-cuando","status":"publish","type":"post","link":"https:\/\/ruido-a6.org\/index.php\/2025\/09\/16\/y-en-las-matas-para-cuando\/","title":{"rendered":"Y en Las Matas, \u00bfPara cu\u00e1ndo?"},"content":{"rendered":"\n<p>Los vecinos de la localidad de Las Matas, en el municipio de Las Rozas, tambi\u00e9n est\u00e1n afectados por el ruido de la A-6. El ruido del tr\u00e1fico diario de la A-6 impacta: ventanas cerradas, noches con ruido y tranquilidad rota. Piden soluciones concretas para proteger sus casas y su salud. <\/p>\n\n\n\n<p>El &#8220;Plan de Acci\u00f3n contra el Ruido&#8221; en Las Matas lleva 9 a\u00f1os sin avances. La actuaci\u00f3n est\u00e1 estancada desde 2016 y el proyecto a\u00fan no est\u00e1 redactado.<\/p>\n\n\n\n<p>Tienen todo nuestro apoyo.<\/p>\n\n\n\n<p>Mas informaci\u00f3n en <a href=\"https:\/\/www.ruidolasmatas.es\/\">https:\/\/www.ruidolasmatas.es\/<\/a><\/p>\n\n\n\n<p><\/p>\n\n\n\n<p><\/p>\n\n\n\n<p><\/p>\n","protected":false},"excerpt":{"rendered":"<p>Los vecinos de la localidad de Las Matas, en el municipio de Las Rozas, tambi\u00e9n est\u00e1n afectados por el ruido de la A-6. El ruido del tr\u00e1fico diario de la A-6 impacta: ventanas cerradas, noches con ruido y tranquilidad rota. Piden soluciones concretas para proteger sus casas y su salud. El &#8220;Plan de Acci\u00f3n contra [&hellip;]<\/p>\n","protected":false},"author":1,"featured_media":0,"comment_status":"open","ping_status":"open","sticky":true,"template":"","format":"standard","meta":{"footnotes":""},"categories":[1],"tags":[],"class_list":["post-206","post","type-post","status-publish","format-standard","hentry","category-sin-categoria"],"_links":{"self":[{"href":"https:\/\/ruido-a6.org\/index.php\/wp-json\/wp\/v2\/posts\/206","targetHints":{"allow":["GET"]}}],"collection":[{"href":"https:\/\/ruido-a6.org\/index.php\/wp-json\/wp\/v2\/posts"}],"about":[{"href":"https:\/\/ruido-a6.org\/index.php\/wp-json\/wp\/v2\/types\/post"}],"author":[{"embeddable":true,"href":"https:\/\/ruido-a6.org\/index.php\/wp-json\/wp\/v2\/users\/1"}],"replies":[{"embeddable":true,"href":"https:\/\/ruido-a6.org\/index.php\/wp-json\/wp\/v2\/comments?post=206"}],"version-history":[{"count":8,"href":"https:\/\/ruido-a6.org\/index.php\/wp-json\/wp\/v2\/posts\/206\/revisions"}],"predecessor-version":[{"id":217,"href":"https:\/\/ruido-a6.org\/index.php\/wp-json\/wp\/v2\/posts\/206\/revisions\/217"}],"wp:attachment":[{"href":"https:\/\/ruido-a6.org\/index.php\/wp-json\/wp\/v2\/media?parent=206"}],"wp:term":[{"taxonomy":"category","embeddable":true,"href":"https:\/\/ruido-a6.org\/index.php\/wp-json\/wp\/v2\/categories?post=206"},{"taxonomy":"post_tag","embeddable":true,"href":"https:\/\/ruido-a6.org\/index.php\/wp-json\/wp\/v2\/tags?post=206"}],"curies":[{"name":"wp","href":"https:\/\/api.w.org\/{rel}","templated":true}]}}