{"id":191,"date":"2023-11-09T12:29:32","date_gmt":"2023-11-09T12:29:32","guid":{"rendered":"https:\/\/ruido-a6.org\/?p=191"},"modified":"2025-09-16T20:32:21","modified_gmt":"2025-09-16T20:32:21","slug":"proyecto","status":"publish","type":"post","link":"https:\/\/ruido-a6.org\/index.php\/2023\/11\/09\/proyecto\/","title":{"rendered":"Proyecto"},"content":{"rendered":"\n<p>Actuaciones para el desarrollo del Plan de Acci\u00f3n Contra el Ruido en la Fase II en la autov\u00eda A-6. Tramo: Puntos Kilometricos 28 a 34.<\/p>\n\n\n\n<p>En el BOE est\u00e1 publicado el <a href=\"https:\/\/www.boe.es\/boe\/dias\/2023\/06\/16\/pdfs\/BOE-B-2023-18264.pdf\"> Plan de Acci\u00f3n Contra el Ruido de Torrelodones y Galapagar<\/a> y el Ministerio de Transportes, Movilidad y Actuaci\u00f3n Urbana ha hecho publico tanto el <a href=\"https:\/\/cdn.mitma.gob.es\/portal-web-drupal\/participacion_publica\/33-m-14990\/03-PROYECTO.pdf\">Proyecto <\/a>como la <a href=\"https:\/\/cdn.mitma.gob.es\/portal-web-drupal\/participacion_publica\/33-m-14990\/02-RESOLUCION.pdf\">Resoluci\u00f3n<\/a>. <\/p>\n\n\n\n<p>Pero hay un <strong>riesgo de reverberaciones<\/strong> por la v\u00eda de servicio. La actuaci\u00f3n en el tramo 29, a la altura del Torre\u00f3n y en el lado izquierdo sentido La Coru\u00f1a ser\u00e1 <strong>entre la v\u00eda de servicio y la A-6<\/strong>. <\/p>\n\n\n\n<p><\/p>\n\n\n\n<figure class=\"wp-block-image size-full\"><img loading=\"lazy\" decoding=\"async\" width=\"875\" height=\"289\" src=\"https:\/\/ruido-a6.org\/wp-content\/uploads\/2023\/11\/image.png\" alt=\"\" class=\"wp-image-192\" srcset=\"https:\/\/ruido-a6.org\/wp-content\/uploads\/2023\/11\/image.png 875w, https:\/\/ruido-a6.org\/wp-content\/uploads\/2023\/11\/image-300x99.png 300w, https:\/\/ruido-a6.org\/wp-content\/uploads\/2023\/11\/image-768x254.png 768w\" sizes=\"auto, (max-width: 875px) 100vw, 875px\" \/><\/figure>\n\n\n\n<p>En esa zona, las pantallas se elevar\u00e1n unos 3 metros sobre el nivel de la Autov\u00eda. <\/p>\n\n\n\n<figure class=\"wp-block-image size-full\"><img loading=\"lazy\" decoding=\"async\" width=\"513\" height=\"567\" src=\"https:\/\/ruido-a6.org\/wp-content\/uploads\/2023\/11\/image-4.png\" alt=\"\" class=\"wp-image-203\" srcset=\"https:\/\/ruido-a6.org\/wp-content\/uploads\/2023\/11\/image-4.png 513w, https:\/\/ruido-a6.org\/wp-content\/uploads\/2023\/11\/image-4-271x300.png 271w\" sizes=\"auto, (max-width: 513px) 100vw, 513px\" \/><\/figure>\n","protected":false},"excerpt":{"rendered":"<p>Actuaciones para el desarrollo del Plan de Acci\u00f3n Contra el Ruido en la Fase II en la autov\u00eda A-6. Tramo: Puntos Kilometricos 28 a 34. En el BOE est\u00e1 publicado el Plan de Acci\u00f3n Contra el Ruido de Torrelodones y Galapagar y el Ministerio de Transportes, Movilidad y Actuaci\u00f3n Urbana ha hecho publico tanto el [&hellip;]<\/p>\n","protected":false},"author":1,"featured_media":194,"comment_status":"open","ping_status":"open","sticky":false,"template":"","format":"standard","meta":{"footnotes":""},"categories":[6],"tags":[],"class_list":["post-191","post","type-post","status-publish","format-standard","has-post-thumbnail","hentry","category-acciones"],"_links":{"self":[{"href":"https:\/\/ruido-a6.org\/index.php\/wp-json\/wp\/v2\/posts\/191","targetHints":{"allow":["GET"]}}],"collection":[{"href":"https:\/\/ruido-a6.org\/index.php\/wp-json\/wp\/v2\/posts"}],"about":[{"href":"https:\/\/ruido-a6.org\/index.php\/wp-json\/wp\/v2\/types\/post"}],"author":[{"embeddable":true,"href":"https:\/\/ruido-a6.org\/index.php\/wp-json\/wp\/v2\/users\/1"}],"replies":[{"embeddable":true,"href":"https:\/\/ruido-a6.org\/index.php\/wp-json\/wp\/v2\/comments?post=191"}],"version-history":[{"count":5,"href":"https:\/\/ruido-a6.org\/index.php\/wp-json\/wp\/v2\/posts\/191\/revisions"}],"predecessor-version":[{"id":204,"href":"https:\/\/ruido-a6.org\/index.php\/wp-json\/wp\/v2\/posts\/191\/revisions\/204"}],"wp:featuredmedia":[{"embeddable":true,"href":"https:\/\/ruido-a6.org\/index.php\/wp-json\/wp\/v2\/media\/194"}],"wp:attachment":[{"href":"https:\/\/ruido-a6.org\/index.php\/wp-json\/wp\/v2\/media?parent=191"}],"wp:term":[{"taxonomy":"category","embeddable":true,"href":"https:\/\/ruido-a6.org\/index.php\/wp-json\/wp\/v2\/categories?post=191"},{"taxonomy":"post_tag","embeddable":true,"href":"https:\/\/ruido-a6.org\/index.php\/wp-json\/wp\/v2\/tags?post=191"}],"curies":[{"name":"wp","href":"https:\/\/api.w.org\/{rel}","templated":true}]}}