{"id":183,"date":"2023-06-09T15:44:45","date_gmt":"2023-06-09T15:44:45","guid":{"rendered":"http:\/\/ruido-a6.org\/?p=183"},"modified":"2023-06-09T15:46:48","modified_gmt":"2023-06-09T15:46:48","slug":"por-fin","status":"publish","type":"post","link":"https:\/\/ruido-a6.org\/index.php\/2023\/06\/09\/por-fin\/","title":{"rendered":"\u00a1Por fin!"},"content":{"rendered":"\n<p>Despues de 13 a\u00f1os se aprueba provisionalmente el proyecto para reducir el ruido de la autov\u00eda A-6 en Torrelodones y Galapagar<\/p>\n\n\n\n<p>Las actuaciones consistir\u00e1n principalmente en la instalaci\u00f3n de 2.810 m de pantallas ac\u00fasticas de alturas comprendidas entre 1,5 y 5 m y distribuidas a lo largo de tres zonas, ubicadas entre los siguientes puntos kilom\u00e9tricos:<\/p>\n\n\n\n<ul class=\"wp-block-list\">\n<li>28+510 y 30+250<\/li>\n\n\n\n<li>30+250 y 32+150<\/li>\n\n\n\n<li>33+200 y 35+000<\/li>\n<\/ul>\n\n\n\n<p>Se ha contemplado la instalaci\u00f3n de varios tipos de pantallas: de acero, de metacrilato, o bien de paneles vegetales; en funci\u00f3n de las necesidades y caracter\u00edsticas ac\u00fasticas de la zona.<\/p>\n\n\n\n<figure class=\"wp-block-image size-large\"><a href=\"https:\/\/www.mitma.gob.es\/el-ministerio\/sala-de-prensa\/noticias\/lun-05062023-1146-0\"><img loading=\"lazy\" decoding=\"async\" width=\"1024\" height=\"546\" src=\"http:\/\/ruido-a6.org\/wp-content\/uploads\/2023\/06\/image-1-1024x546.png\" alt=\"\" class=\"wp-image-184\" srcset=\"https:\/\/ruido-a6.org\/wp-content\/uploads\/2023\/06\/image-1-1024x546.png 1024w, https:\/\/ruido-a6.org\/wp-content\/uploads\/2023\/06\/image-1-300x160.png 300w, https:\/\/ruido-a6.org\/wp-content\/uploads\/2023\/06\/image-1-768x409.png 768w, https:\/\/ruido-a6.org\/wp-content\/uploads\/2023\/06\/image-1.png 1152w\" sizes=\"auto, (max-width: 1024px) 100vw, 1024px\" \/><\/a><\/figure>\n\n\n\n<p><a href=\"https:\/\/www.mitma.gob.es\/el-ministerio\/sala-de-prensa\/noticias\/lun-05062023-1146-0\" target=\"_blank\" rel=\"noreferrer noopener\">https:\/\/www.mitma.gob.es\/el-ministerio\/sala-de-prensa\/noticias\/lun-05062023-1146-0<\/a><\/p>\n","protected":false},"excerpt":{"rendered":"<p>Despues de 13 a\u00f1os se aprueba provisionalmente el proyecto para reducir el ruido de la autov\u00eda A-6 en Torrelodones y Galapagar Las actuaciones consistir\u00e1n principalmente en la instalaci\u00f3n de 2.810 m de pantallas ac\u00fasticas de alturas comprendidas entre 1,5 y 5 m y distribuidas a lo largo de tres zonas, ubicadas entre los siguientes puntos [&hellip;]<\/p>\n","protected":false},"author":1,"featured_media":184,"comment_status":"open","ping_status":"open","sticky":true,"template":"","format":"standard","meta":{"footnotes":""},"categories":[6],"tags":[],"class_list":["post-183","post","type-post","status-publish","format-standard","has-post-thumbnail","hentry","category-acciones"],"_links":{"self":[{"href":"https:\/\/ruido-a6.org\/index.php\/wp-json\/wp\/v2\/posts\/183","targetHints":{"allow":["GET"]}}],"collection":[{"href":"https:\/\/ruido-a6.org\/index.php\/wp-json\/wp\/v2\/posts"}],"about":[{"href":"https:\/\/ruido-a6.org\/index.php\/wp-json\/wp\/v2\/types\/post"}],"author":[{"embeddable":true,"href":"https:\/\/ruido-a6.org\/index.php\/wp-json\/wp\/v2\/users\/1"}],"replies":[{"embeddable":true,"href":"https:\/\/ruido-a6.org\/index.php\/wp-json\/wp\/v2\/comments?post=183"}],"version-history":[{"count":2,"href":"https:\/\/ruido-a6.org\/index.php\/wp-json\/wp\/v2\/posts\/183\/revisions"}],"predecessor-version":[{"id":186,"href":"https:\/\/ruido-a6.org\/index.php\/wp-json\/wp\/v2\/posts\/183\/revisions\/186"}],"wp:featuredmedia":[{"embeddable":true,"href":"https:\/\/ruido-a6.org\/index.php\/wp-json\/wp\/v2\/media\/184"}],"wp:attachment":[{"href":"https:\/\/ruido-a6.org\/index.php\/wp-json\/wp\/v2\/media?parent=183"}],"wp:term":[{"taxonomy":"category","embeddable":true,"href":"https:\/\/ruido-a6.org\/index.php\/wp-json\/wp\/v2\/categories?post=183"},{"taxonomy":"post_tag","embeddable":true,"href":"https:\/\/ruido-a6.org\/index.php\/wp-json\/wp\/v2\/tags?post=183"}],"curies":[{"name":"wp","href":"https:\/\/api.w.org\/{rel}","templated":true}]}}