{"id":127,"date":"2022-06-26T13:35:32","date_gmt":"2022-06-26T13:35:32","guid":{"rendered":"https:\/\/ruido-a6.org\/?p=127"},"modified":"2022-06-26T14:33:07","modified_gmt":"2022-06-26T14:33:07","slug":"reunion-informativa-29-jun-2022","status":"publish","type":"post","link":"https:\/\/ruido-a6.org\/index.php\/2022\/06\/26\/reunion-informativa-29-jun-2022\/","title":{"rendered":"Reuni\u00f3n informativa 29\/Jun\/2022"},"content":{"rendered":"\n<p>En relaci\u00f3n con el ruido de la A6 a su paso por Torrelodones, actuaciones  a realizar para conseguir un municipio m\u00e1s saludable.<\/p>\n\n\n\n<p><\/p>\n\n\n\n<p>Tendr\u00e1 lugar el 29 de junio de 2022 a las 19h en el Sal\u00f3n de Plenos Municipal donde el Concejal de Urbanismo informar\u00e1 sobre el estado del  proyecto de Fomento en relaci\u00f3n con las barreras anti-ruido, solicitadas por numerosos vecinos y vecinas de Torrelodones, previstas para la zona afectada por la alta huella sonora que provoca la A6 en el Centro de Torrelodones.<\/p>\n","protected":false},"excerpt":{"rendered":"<p>En relaci\u00f3n con el ruido de la A6 a su paso por Torrelodones, actuaciones a realizar para conseguir un municipio m\u00e1s saludable. Tendr\u00e1 lugar el 29 de junio de 2022 a las 19h en el Sal\u00f3n de Plenos Municipal donde el Concejal de Urbanismo informar\u00e1 sobre el estado del proyecto de Fomento en relaci\u00f3n con [&hellip;]<\/p>\n","protected":false},"author":1,"featured_media":0,"comment_status":"open","ping_status":"open","sticky":false,"template":"","format":"standard","meta":{"footnotes":""},"categories":[7],"tags":[],"class_list":["post-127","post","type-post","status-publish","format-standard","hentry","category-evento"],"_links":{"self":[{"href":"https:\/\/ruido-a6.org\/index.php\/wp-json\/wp\/v2\/posts\/127","targetHints":{"allow":["GET"]}}],"collection":[{"href":"https:\/\/ruido-a6.org\/index.php\/wp-json\/wp\/v2\/posts"}],"about":[{"href":"https:\/\/ruido-a6.org\/index.php\/wp-json\/wp\/v2\/types\/post"}],"author":[{"embeddable":true,"href":"https:\/\/ruido-a6.org\/index.php\/wp-json\/wp\/v2\/users\/1"}],"replies":[{"embeddable":true,"href":"https:\/\/ruido-a6.org\/index.php\/wp-json\/wp\/v2\/comments?post=127"}],"version-history":[{"count":1,"href":"https:\/\/ruido-a6.org\/index.php\/wp-json\/wp\/v2\/posts\/127\/revisions"}],"predecessor-version":[{"id":128,"href":"https:\/\/ruido-a6.org\/index.php\/wp-json\/wp\/v2\/posts\/127\/revisions\/128"}],"wp:attachment":[{"href":"https:\/\/ruido-a6.org\/index.php\/wp-json\/wp\/v2\/media?parent=127"}],"wp:term":[{"taxonomy":"category","embeddable":true,"href":"https:\/\/ruido-a6.org\/index.php\/wp-json\/wp\/v2\/categories?post=127"},{"taxonomy":"post_tag","embeddable":true,"href":"https:\/\/ruido-a6.org\/index.php\/wp-json\/wp\/v2\/tags?post=127"}],"curies":[{"name":"wp","href":"https:\/\/api.w.org\/{rel}","templated":true}]}}